{"id":32591,"date":"2026-02-02T19:29:15","date_gmt":"2026-02-02T18:29:15","guid":{"rendered":"https:\/\/sklep.thepartners.pl\/bez-kategorii\/kolik-cihel-potrebujete-prakticka-kalkulacka-a-pravidla-vypoctu\/"},"modified":"2026-02-07T18:45:57","modified_gmt":"2026-02-07T17:45:57","slug":"kolik-cihel-potrebujete-prakticka-kalkulacka-a-pravidla-vypoctu","status":"publish","type":"post","link":"https:\/\/sklep.thepartners.pl\/cs\/blog-cs\/kolik-cihel-potrebujete-prakticka-kalkulacka-a-pravidla-vypoctu\/","title":{"rendered":"Kolik cihel pot\u0159ebujete? Praktick\u00e1 kalkula\u010dka a pravidla v\u00fdpo\u010dtu"},"content":{"rendered":"\n<h2 class=\"wp-block-heading\">Kolik cihel pot\u0159ebujete na stavbu domu?<\/h2>\n\n<p class=\"wp-block-paragraph\">P\u0159esn\u00e9 ur\u010den\u00ed toho, jak\u00e9 mno\u017estv\u00ed cihel \u010di tv\u00e1rnic budete pot\u0159ebovat, je jednou z kl\u00ed\u010dov\u00fdch f\u00e1z\u00ed pl\u00e1nov\u00e1n\u00ed investice. To, kolik zdic\u00edho materi\u00e1lu bude zapot\u0159eb\u00ed, p\u0159\u00edmo ovliv\u0148uje rozpo\u010det, logistiku dod\u00e1vek a tempo stavebn\u00edch prac\u00ed. Cihla (nebo tv\u00e1rnice) jako\u017eto z\u00e1kladn\u00ed stavebn\u00ed materi\u00e1l pou\u017e\u00edvan\u00fd p\u0159i zved\u00e1n\u00ed obvodov\u00fdch a vnit\u0159n\u00edch st\u011bn mus\u00ed b\u00fdt spo\u010d\u00edt\u00e1na precizn\u011b. <\/p>\n\n<p class=\"wp-block-paragraph\">Ve f\u00e1zi pl\u00e1nov\u00e1n\u00ed je dobr\u00e9 pamatovat na to, \u017ee n\u00e1klady na zdivo jsou jen \u010d\u00e1st\u00ed cel\u00e9 investice. V praxi tvo\u0159\u00ed cihly jen \u010d\u00e1st v\u00fddaj\u016f, proto jsou tak d\u016fle\u017eit\u00e9 p\u0159esn\u00e9 v\u00fdpo\u010dty, kter\u00e9 umo\u017en\u00ed objednat spr\u00e1vn\u00e9 mno\u017estv\u00ed materi\u00e1lu bez rizika prostoj\u016f na stavb\u011b. <\/p>\n\n<h3 class=\"wp-block-heading\">Cihly a stavba domu \u2013 na \u010dem z\u00e1vis\u00ed mno\u017estv\u00ed?<\/h3>\n\n<p class=\"wp-block-paragraph\">To, kolik cihel na stavbu domu bude pot\u0159eba, z\u00e1vis\u00ed na n\u011bkolika faktorech, kter\u00e9 je t\u0159eba vz\u00edt v \u00favahu ji\u017e ve f\u00e1zi anal\u00fdzy dokumentace:<\/p>\n\n<ul class=\"wp-block-list\">\n<li>Typ zdiva a jeho technick\u00e9 parametry.<\/li>\n\n\n\n<li>Rozm\u011bry prvku a syst\u00e9mov\u00fd modul.<\/li>\n\n\n\n<li>Tlou\u0161\u0165ka zdiva, kter\u00e1 ovliv\u0148uje spot\u0159ebu materi\u00e1lu.<\/li>\n\n\n\n<li>Plocha obvodov\u00fdch st\u011bn a vnit\u0159n\u00edch nosn\u00fdch p\u0159\u00ed\u010dek.<\/li>\n\n\n\n<li>Plocha okenn\u00edch a dve\u0159n\u00edch otvor\u016f, kterou ode\u010d\u00edt\u00e1me od plochy zdiva.<\/li>\n\n\n\n<li>Tvar budovy popsan\u00fd ve stavebn\u00edm projektu.<\/li>\n<\/ul>\n\n<p class=\"wp-block-paragraph\">V t\u00e9to f\u00e1zi je t\u0159eba zohlednit tak\u00e9 technologii zd\u011bn\u00ed a druh cihel, proto\u017ee r\u016fzn\u00e9 syst\u00e9my maj\u00ed odli\u0161nou materi\u00e1lovou spot\u0159ebu.<\/p>\n\n<p class=\"wp-block-paragraph\"><div class=\"ideanow-products-list\"><div class=\"ideanow-product-item\"><a class=\"ideanow-product-thumb\" href=\"https:\/\/sklep.thepartners.pl\/cs\/produkt\/porotherm-115-dryfix-pw-kl-10-klima-pustak-dzialowy-o-podwyzszonych-wlasciwosciach-izolacyjnych\/\"><img fetchpriority=\"high\" decoding=\"async\" width=\"300\" height=\"300\" src=\"https:\/\/sklep.thepartners.pl\/wp-content\/uploads\/2025\/05\/POROTHERM-115-DRYFIX-PW-kl.10-KLIMA-300x300.png\" class=\"attachment-medium size-medium wp-post-image\" alt=\"POROTHERM 11,5 DRYFIX P+W kl.10 KLIMA\" srcset=\"https:\/\/sklep.thepartners.pl\/wp-content\/uploads\/2025\/05\/POROTHERM-115-DRYFIX-PW-kl.10-KLIMA-300x300.png 300w, https:\/\/sklep.thepartners.pl\/wp-content\/uploads\/2025\/05\/POROTHERM-115-DRYFIX-PW-kl.10-KLIMA-150x150.png 150w, https:\/\/sklep.thepartners.pl\/wp-content\/uploads\/2025\/05\/POROTHERM-115-DRYFIX-PW-kl.10-KLIMA.png 424w\" sizes=\"(max-width: 300px) 100vw, 300px\" \/><\/a><div class=\"ideanow-product-content\"><h3 class=\"ideanow-product-title\"><a href=\"https:\/\/sklep.thepartners.pl\/cs\/produkt\/porotherm-115-dryfix-pw-kl-10-klima-pustak-dzialowy-o-podwyzszonych-wlasciwosciach-izolacyjnych\/\">Cihla POROTHERM 11,5 DRYFIX P+W t\u0159\u00edda 10 KLIMA \u2013 P\u0159\u00ed\u010dkov\u00e1 tv\u00e1rnice s vy\u0161\u0161\u00ed tepelnou a akustickou izolac\u00ed<\/a><\/h3><a href=\"https:\/\/sklep.thepartners.pl\/cs\/produkt\/porotherm-115-dryfix-pw-kl-10-klima-pustak-dzialowy-o-podwyzszonych-wlasciwosciach-izolacyjnych\/\" class=\"ideanow-product-button\">ZOBACZ PRODUKT<\/a><\/div><\/div><div class=\"ideanow-product-item\"><a class=\"ideanow-product-thumb\" href=\"https:\/\/sklep.thepartners.pl\/cs\/produkt\/porotherm-30-dryfix-pw-nowoczesny-pustak-ceramiczny-do-szybkiego-murowania-na-sucho\/\"><img decoding=\"async\" width=\"300\" height=\"300\" src=\"https:\/\/sklep.thepartners.pl\/wp-content\/uploads\/2025\/05\/POROTHERM-30-DRYFIX-PW-300x300.png\" class=\"attachment-medium size-medium wp-post-image\" alt=\"POROTHERM 30 DRYFIX P+W\" srcset=\"https:\/\/sklep.thepartners.pl\/wp-content\/uploads\/2025\/05\/POROTHERM-30-DRYFIX-PW-300x300.png 300w, https:\/\/sklep.thepartners.pl\/wp-content\/uploads\/2025\/05\/POROTHERM-30-DRYFIX-PW-150x150.png 150w, https:\/\/sklep.thepartners.pl\/wp-content\/uploads\/2025\/05\/POROTHERM-30-DRYFIX-PW.png 432w\" sizes=\"(max-width: 300px) 100vw, 300px\" \/><\/a><div class=\"ideanow-product-content\"><h3 class=\"ideanow-product-title\"><a href=\"https:\/\/sklep.thepartners.pl\/cs\/produkt\/porotherm-30-dryfix-pw-nowoczesny-pustak-ceramiczny-do-szybkiego-murowania-na-sucho\/\">Cihla POROTHERM 30 DRYFIX P+W \u2013 Modern\u00ed keramick\u00e1 tv\u00e1rnice pro such\u00e9 zd\u011bn\u00ed<\/a><\/h3><a href=\"https:\/\/sklep.thepartners.pl\/cs\/produkt\/porotherm-30-dryfix-pw-nowoczesny-pustak-ceramiczny-do-szybkiego-murowania-na-sucho\/\" class=\"ideanow-product-button\">ZOBACZ PRODUKT<\/a><\/div><\/div><div class=\"ideanow-product-item\"><a class=\"ideanow-product-thumb\" href=\"https:\/\/sklep.thepartners.pl\/cs\/produkt\/keramicky-blok-porotherm-188-pw-kl10-kopia\/\"><img decoding=\"async\" width=\"300\" height=\"277\" src=\"https:\/\/sklep.thepartners.pl\/wp-content\/uploads\/2024\/07\/pustak-porotherm-13-300x277.png\" class=\"attachment-medium size-medium wp-post-image\" alt=\"Cihla Porotherm 25 P+D kl15\" srcset=\"https:\/\/sklep.thepartners.pl\/wp-content\/uploads\/2024\/07\/pustak-porotherm-13-300x277.png 300w, https:\/\/sklep.thepartners.pl\/wp-content\/uploads\/2024\/07\/pustak-porotherm-13-150x138.png 150w, https:\/\/sklep.thepartners.pl\/wp-content\/uploads\/2024\/07\/pustak-porotherm-13-600x553.png 600w, https:\/\/sklep.thepartners.pl\/wp-content\/uploads\/2024\/07\/pustak-porotherm-13-1024x944.png 1024w, https:\/\/sklep.thepartners.pl\/wp-content\/uploads\/2024\/07\/pustak-porotherm-13-768x708.png 768w, https:\/\/sklep.thepartners.pl\/wp-content\/uploads\/2024\/07\/pustak-porotherm-13.png 1208w\" sizes=\"(max-width: 300px) 100vw, 300px\" \/><\/a><div class=\"ideanow-product-content\"><h3 class=\"ideanow-product-title\"><a href=\"https:\/\/sklep.thepartners.pl\/cs\/produkt\/keramicky-blok-porotherm-188-pw-kl10-kopia\/\">Cihla Porotherm 25 P+D kl15<\/a><\/h3><a href=\"https:\/\/sklep.thepartners.pl\/cs\/produkt\/keramicky-blok-porotherm-188-pw-kl10-kopia\/\" class=\"ideanow-product-button\">ZOBACZ PRODUKT<\/a><\/div><\/div><div class=\"ideanow-product-item\"><a class=\"ideanow-product-thumb\" href=\"https:\/\/sklep.thepartners.pl\/cs\/produkt\/pustak-ceramiczny-porotherm-30-profi-kl-15-szlifowany-pustak-ceramiczny-do-scian-nosnych\/\"><img loading=\"lazy\" decoding=\"async\" width=\"300\" height=\"277\" src=\"https:\/\/sklep.thepartners.pl\/wp-content\/uploads\/2025\/05\/Porotherm-30-kl15-profi-300x277.png\" class=\"attachment-medium size-medium wp-post-image\" alt=\"Porotherm 30 kl15 profi\" srcset=\"https:\/\/sklep.thepartners.pl\/wp-content\/uploads\/2025\/05\/Porotherm-30-kl15-profi-300x277.png 300w, https:\/\/sklep.thepartners.pl\/wp-content\/uploads\/2025\/05\/Porotherm-30-kl15-profi-150x138.png 150w, https:\/\/sklep.thepartners.pl\/wp-content\/uploads\/2025\/05\/Porotherm-30-kl15-profi-600x553.png 600w, https:\/\/sklep.thepartners.pl\/wp-content\/uploads\/2025\/05\/Porotherm-30-kl15-profi-1024x944.png 1024w, https:\/\/sklep.thepartners.pl\/wp-content\/uploads\/2025\/05\/Porotherm-30-kl15-profi-768x708.png 768w, https:\/\/sklep.thepartners.pl\/wp-content\/uploads\/2025\/05\/Porotherm-30-kl15-profi.png 1146w\" sizes=\"(max-width: 300px) 100vw, 300px\" \/><\/a><div class=\"ideanow-product-content\"><h3 class=\"ideanow-product-title\"><a href=\"https:\/\/sklep.thepartners.pl\/cs\/produkt\/pustak-ceramiczny-porotherm-30-profi-kl-15-szlifowany-pustak-ceramiczny-do-scian-nosnych\/\">Cihla Porotherm 30 Profi t\u0159\u00edda 15 \u2013 Brou\u0161en\u00e1 ciheln\u00e1 tv\u00e1rnice pro nosn\u00e9 zdivo<\/a><\/h3><a href=\"https:\/\/sklep.thepartners.pl\/cs\/produkt\/pustak-ceramiczny-porotherm-30-profi-kl-15-szlifowany-pustak-ceramiczny-do-scian-nosnych\/\" class=\"ideanow-product-button\">ZOBACZ PRODUKT<\/a><\/div><\/div><div class=\"ideanow-product-item\"><a class=\"ideanow-product-thumb\" href=\"https:\/\/sklep.thepartners.pl\/cs\/produkt\/porotherm-115-profi-kl-10-szlifowany-pustak-ceramiczny-do-scian-dzialowych\/\"><img loading=\"lazy\" decoding=\"async\" width=\"300\" height=\"284\" src=\"https:\/\/sklep.thepartners.pl\/wp-content\/uploads\/2025\/05\/pustak-porotherm-12-300x284.png\" class=\"attachment-medium size-medium wp-post-image\" alt=\"pustak porotherm 11,5\" srcset=\"https:\/\/sklep.thepartners.pl\/wp-content\/uploads\/2025\/05\/pustak-porotherm-12-300x284.png 300w, https:\/\/sklep.thepartners.pl\/wp-content\/uploads\/2025\/05\/pustak-porotherm-12-150x142.png 150w, https:\/\/sklep.thepartners.pl\/wp-content\/uploads\/2025\/05\/pustak-porotherm-12-600x568.png 600w, https:\/\/sklep.thepartners.pl\/wp-content\/uploads\/2025\/05\/pustak-porotherm-12-1024x970.png 1024w, https:\/\/sklep.thepartners.pl\/wp-content\/uploads\/2025\/05\/pustak-porotherm-12-768x728.png 768w, https:\/\/sklep.thepartners.pl\/wp-content\/uploads\/2025\/05\/pustak-porotherm-12.png 1199w\" sizes=\"(max-width: 300px) 100vw, 300px\" \/><\/a><div class=\"ideanow-product-content\"><h3 class=\"ideanow-product-title\"><a href=\"https:\/\/sklep.thepartners.pl\/cs\/produkt\/porotherm-115-profi-kl-10-szlifowany-pustak-ceramiczny-do-scian-dzialowych\/\">POROTHERM 11,5 PROFI t\u0159\u00edda 10 \u2013 Brou\u0161en\u00e1 p\u0159\u00ed\u010dkov\u00e1 tv\u00e1rnice pro interi\u00e9ry<\/a><\/h3><a href=\"https:\/\/sklep.thepartners.pl\/cs\/produkt\/porotherm-115-profi-kl-10-szlifowany-pustak-ceramiczny-do-scian-dzialowych\/\" class=\"ideanow-product-button\">ZOBACZ PRODUKT<\/a><\/div><\/div><\/div><\/p>\n\n<h3 class=\"wp-block-heading\">M\u00b2 domu a m\u00b2 st\u011bny jako z\u00e1klad v\u00fdpo\u010dt\u016f<\/h3>\n\n<p class=\"wp-block-paragraph\">Z\u00e1kladem pro v\u00fdpo\u010det po\u010dtu cihel nejsou m\u00b2 domu (podlahov\u00e1 plocha), n\u00fdbr\u017e m\u00b2 st\u011bny. To je kl\u00ed\u010dov\u00fd rozd\u00edl, kter\u00fd rozhoduje o spr\u00e1vnosti v\u00fdsledku. <\/p>\n\n<p class=\"wp-block-paragraph\">Nap\u0159\u00edklad d\u016fm o plo\u0161e 100 m\u00b2 neznamen\u00e1 automaticky 100 m\u00b2 zdiva. V praxi m\u016f\u017ee m\u00edt d\u016fm o plo\u0161e 100 m\u00b2 dokonce 140\u2013150 m\u00b2 obvodov\u00fdch st\u011bn, v z\u00e1vislosti na v\u00fd\u0161ce podla\u017e\u00ed a tvaru budovy. Abyste z\u00edskali co nejp\u0159esn\u011bj\u0161\u00ed po\u010det cihel, je t\u0159eba v\u017edy po\u010d\u00edtat plochu st\u011bn, nikoliv podlah.  <\/p>\n\n<h2 class=\"wp-block-heading\">V\u00fdpo\u010det mno\u017estv\u00ed cihel na m\u00b2<\/h2>\n\n<p class=\"wp-block-paragraph\">Znalost toho, kolik cihel na m\u00b2 je pot\u0159eba, umo\u017e\u0148uje rychle odhadnout rozsah n\u00e1kupu a napl\u00e1novat objedn\u00e1vku materi\u00e1lu.<\/p>\n\n<h3 class=\"wp-block-heading\">V\u00fdb\u011br cihel na m\u00b2 \u2013 orienta\u010dn\u00ed hodnoty<\/h3>\n\n<p class=\"wp-block-paragraph\">Orienta\u010dn\u00ed spot\u0159eba cihel\/tv\u00e1rnic vypad\u00e1 n\u00e1sledovn\u011b:<\/p>\n\n<ul class=\"wp-block-list\">\n<li>Tv\u00e1rnice z p\u00f3robetonu (nap\u0159. Ytong) \u2013 obvykle 8 kus\u016f na 1 m\u00b2.<\/li>\n\n\n\n<li>Keramick\u00e9 cihly (nap\u0159. Porotherm) \u2013 od 8 do 13,5 kus\u016f na m\u00b2 (dle form\u00e1tu).<\/li>\n\n\n\n<li>V\u00e1penop\u00edskov\u00e9 cihly (Silik\u00e1ty) \u2013 i n\u011bkolik des\u00edtek kus\u016f na m\u00b2 u siln\u00e9ho zdiva (pokud se pou\u017e\u00edvaj\u00ed maloform\u00e1tov\u00e9 cihly).<\/li>\n<\/ul>\n\n<p class=\"wp-block-paragraph\">Jedn\u00e1 se o orienta\u010dn\u00ed hodnoty, kter\u00e9 ukazuj\u00ed, kolik je pot\u0159eba na m\u00b2, a p\u0159esn\u00e1 data je v\u017edy nutn\u00e9 ov\u011b\u0159it u v\u00fdrobce dan\u00e9ho syst\u00e9mu.<\/p>\n\n<h3 class=\"wp-block-heading\">Pot\u0159ebn\u00e9 mno\u017estv\u00ed cihel na m\u00b2 st\u011bny<\/h3>\n\n<p class=\"wp-block-paragraph\">Pro 1 m\u00b2 zdiva z\u00e1vis\u00ed po\u010det prvk\u016f na jejich form\u00e1tu. Nap\u0159\u00edklad u keramick\u00fdch cihel standardn\u00edch rozm\u011br\u016f je na 1 m\u00b2 st\u011bny pot\u0159eba p\u0159ibli\u017en\u011b 8 kus\u016f (u velkoform\u00e1tov\u00fdch blok\u016f). To znamen\u00e1, \u017ee na st\u011bny pot\u0159ebujete cca 8 kus\u016f cihel na ka\u017ed\u00fd metr \u010dtvere\u010dn\u00ed.  <\/p>\n\n<h3 class=\"wp-block-heading\">Rozm\u011br cihly a po\u010det kus\u016f<\/h3>\n\n<p class=\"wp-block-paragraph\">Pokud pou\u017e\u00edv\u00e1me tv\u00e1rnice v\u011bt\u0161\u00edch rozm\u011br\u016f, sni\u017euje se po\u010det kus\u016f na m\u00b2 i po\u010det sp\u00e1r. Nap\u0159\u00edklad tv\u00e1rnice o rozm\u011brech 24\u00d724\u00d759 cm umo\u017e\u0148uje omezit ztr\u00e1ty tepla a urychlit pr\u00e1ce. Pr\u00e1v\u011b proto jsou takov\u00e9 tv\u00e1rnice o rozm\u011brech 24\u00d724\u00d759 cm tak \u010dasto voleny v modern\u00edm stavebnictv\u00ed.  <\/p>\n\n<h2 class=\"wp-block-heading\">Jak vypo\u010d\u00edtat mno\u017estv\u00ed cihel krok za krokem<\/h2>\n\n<p class=\"wp-block-paragraph\">Spr\u00e1vn\u00fd v\u00fdpo\u010det mno\u017estv\u00ed cihel m\u016f\u017eete prov\u00e9st sami podle n\u00ed\u017ee uveden\u00fdch krok\u016f:<\/p>\n\n<h3 class=\"wp-block-heading\">Jak vypo\u010d\u00edtat mno\u017estv\u00ed cihel na m\u00b2 st\u011bny<\/h3>\n\n<p class=\"wp-block-paragraph\">Abyste vypo\u010d\u00edtali pot\u0159ebn\u00e9 mno\u017estv\u00ed, prove\u010fte jednoduch\u00e9 \u00fakony:<\/p>\n\n<ul class=\"wp-block-list\">\n<li>Vyd\u011blte 1 m\u00b2 plochou \u010deln\u00ed strany jedn\u00e9 cihly (v\u010detn\u011b sp\u00e1ry).<\/li>\n<\/ul>\n\n<p class=\"wp-block-paragraph\">V\u00fdsledek tohoto jednoduch\u00e9ho \u00fakonu v\u017edy zaokrouhlujte nahoru. <br\/>Tento jednoduch\u00fd v\u00fdpo\u010det d\u00e1 po\u010det nezbytn\u00fdch prvk\u016f. <\/p>\n\n<figure class=\"wp-block-image aligncenter size-large\"><img loading=\"lazy\" decoding=\"async\" width=\"1024\" height=\"682\" src=\"https:\/\/sklep.thepartners.pl\/wp-content\/uploads\/2026\/02\/ile-pustakow-na-dom-1024x682.jpg\" alt=\"\" class=\"wp-image-32570\" srcset=\"https:\/\/sklep.thepartners.pl\/wp-content\/uploads\/2026\/02\/ile-pustakow-na-dom-1024x682.jpg 1024w, https:\/\/sklep.thepartners.pl\/wp-content\/uploads\/2026\/02\/ile-pustakow-na-dom-300x200.jpg 300w, https:\/\/sklep.thepartners.pl\/wp-content\/uploads\/2026\/02\/ile-pustakow-na-dom-768x512.jpg 768w, https:\/\/sklep.thepartners.pl\/wp-content\/uploads\/2026\/02\/ile-pustakow-na-dom-1536x1024.jpg 1536w, https:\/\/sklep.thepartners.pl\/wp-content\/uploads\/2026\/02\/ile-pustakow-na-dom-2048x1365.jpg 2048w, https:\/\/sklep.thepartners.pl\/wp-content\/uploads\/2026\/02\/ile-pustakow-na-dom-600x400.jpg 600w, https:\/\/sklep.thepartners.pl\/wp-content\/uploads\/2026\/02\/ile-pustakow-na-dom-150x100.jpg 150w\" sizes=\"(max-width: 1024px) 100vw, 1024px\" \/><\/figure>\n\n<h3 class=\"wp-block-heading\">Stavebn\u00ed v\u00fdpo\u010dty \u2013 plocha, st\u011bny, rozm\u011bry<\/h3>\n\n<ol class=\"wp-block-list\">\n<li>Zm\u011b\u0159te d\u00e9lku a v\u00fd\u0161ku ka\u017ed\u00e9 st\u011bny.<\/li>\n\n\n\n<li>Vypo\u010d\u00edtejte plochu brutto (celkovou).<\/li>\n\n\n\n<li>Ode\u010dt\u011bte okenn\u00ed a dve\u0159n\u00ed otvory.<\/li>\n\n\n\n<li>Zkontrolujte, jakou \u010distou plochu je t\u0159eba vyzd\u00edt.<\/li>\n<\/ol>\n\n<h3 class=\"wp-block-heading\">Mno\u017estv\u00ed pot\u0159ebn\u00fdch cihel s rezervou<\/h3>\n\n<p class=\"wp-block-paragraph\">Na stavb\u011b je v\u017edy dobr\u00e9 po\u010d\u00edtat s rezervou cihel (pro\u0159ezy, po\u0161kozen\u00ed p\u0159i doprav\u011b) a mo\u017enost\u00ed doobjedn\u00e1n\u00ed dodate\u010dn\u00e9ho materi\u00e1lu. D\u00edky tomu materi\u00e1l nedojde a po\u010det pot\u0159ebn\u00fdch cihel bude logisticky bezpe\u010dn\u00fd. Obvykle se doporu\u010duje rezerva 3\u20135 %. <\/p>\n\n<h2 class=\"wp-block-heading\">Po\u010det cihel nezbytn\u00fdch pro stavbu domu \u2013 p\u0159\u00edklady<\/h2>\n\n<p class=\"wp-block-paragraph\">N\u00ed\u017ee uveden\u00e1 data ukazuj\u00ed mno\u017estv\u00ed cihel pot\u0159ebn\u00fdch na d\u016fm v praxi, za p\u0159edpokladu standardn\u00ed technologie zd\u011bn\u00ed, typick\u00fdch v\u00fd\u0161ek podla\u017e\u00ed a klasick\u00fdch projektov\u00fdch \u0159e\u0161en\u00ed. Je t\u0159eba pamatovat, \u017ee se jedn\u00e1 o orienta\u010dn\u00ed hodnoty, kter\u00e9 se mohou li\u0161it v z\u00e1vislosti na projektu, tlou\u0161\u0165ce zdiva, po\u010dtu vnit\u0159n\u00edch p\u0159\u00ed\u010dek a pou\u017eit\u00e9m materi\u00e1lu. <\/p>\n\n<h3 class=\"wp-block-heading\">Pro d\u016fm o plo\u0161e 70 m\u00b2<\/h3>\n\n<p class=\"wp-block-paragraph\">Pro stavbu domu o u\u017eitn\u00e9 plo\u0161e 70 m\u00b2 \u010din\u00ed spot\u0159eba orienta\u010dn\u011b cca 2 700\u20132 900 kus\u016f cihel. Takov\u00fd rozptyl vypl\u00fdv\u00e1 p\u0159edev\u0161\u00edm z rozd\u00edl\u016f ve tvaru budovy, po\u010dtu nosn\u00fdch st\u011bn a plochy vnit\u0159n\u00edch p\u0159\u00ed\u010dek. <\/p>\n\n<p class=\"wp-block-paragraph\">U jednoduch\u00fdch projekt\u016f s kompaktn\u00edm tvarem a mal\u00fdm po\u010dtem p\u0159\u00ed\u010dek bude spot\u0159eba bl\u00ed\u017ee spodn\u00ed hranici. \u010clenit\u011bj\u0161\u00ed rozlo\u017een\u00ed m\u00edstnost\u00ed, dal\u0161\u00ed d\u011bl\u00edc\u00ed p\u0159\u00ed\u010dky nebo siln\u011bj\u0161\u00ed zdi mohou zv\u00fd\u0161it spot\u0159ebu materi\u00e1lu. <\/p>\n\n<h3 class=\"wp-block-heading\">Pro stavbu domu o plo\u0161e 100 m\u00b2<\/h3>\n\n<p class=\"wp-block-paragraph\">Pro d\u016fm o plo\u0161e 100 m\u00b2 se spot\u0159eba obvykle pohybuje od 3 800 do 5 000 kus\u016f cihel. Je to klasick\u00fd p\u0159\u00edklad spot\u0159eby na d\u016fm 100 m\u00b2, kde rozd\u00edly vypl\u00fdvaj\u00ed hlavn\u011b z technologie v\u00fdstavby a konstruk\u010dn\u00edch \u0159e\u0161en\u00ed. <\/p>\n\n<p class=\"wp-block-paragraph\">U jednoduch\u00fdch p\u0159\u00edzemn\u00edch projekt\u016f (bungalov\u016f) s mal\u00fdm po\u010dtem vnit\u0159n\u00edch p\u0159\u00ed\u010dek bude spot\u0159eba bl\u00ed\u017ee spodn\u00ed hranici. V p\u0159\u00edpad\u011b dom\u016f s obytn\u00fdm podkrov\u00edm, v\u011bt\u0161\u00edm po\u010dtem m\u00edstnost\u00ed nebo siln\u011bj\u0161\u00edmi nosn\u00fdmi zdmi je t\u0159eba po\u010d\u00edtat s vy\u0161\u0161\u00ed spot\u0159ebou. <\/p>\n\n<h2 class=\"wp-block-heading\">Keramick\u00e1 cihla nebo p\u00f3robeton?<\/h2>\n\n<p class=\"wp-block-paragraph\">Dilema keramick\u00e1 cihla (p\u00e1len\u00e1) vs. p\u00f3robeton ovliv\u0148uje mno\u017estv\u00ed materi\u00e1lu a tempo prac\u00ed.<\/p>\n\n<ul class=\"wp-block-list\">\n<li>Keramick\u00e1 cihla \u2013 trvanliv\u00e1, t\u011b\u017e\u0161\u00ed, \u010dasto vy\u017eaduje v\u00edce kus\u016f na m\u00b2 (pokud nejde o velk\u00e9 bloky).<\/li>\n\n\n\n<li>P\u00f3robeton \u2013 leh\u010d\u00ed, snadno se opracov\u00e1v\u00e1, obvykle je ho pot\u0159eba m\u00e9n\u011b kus\u016f na m\u00b2 (d\u00edky v\u011bt\u0161\u00edm rozm\u011br\u016fm).<\/li>\n<\/ul>\n\n<h2 class=\"wp-block-heading\">Kalkula\u010dka mno\u017estv\u00ed cihel pro stavbu<\/h2>\n\n<p class=\"wp-block-paragraph\">Modern\u00ed kalkula\u010dky umo\u017e\u0148uj\u00ed rychle ov\u011b\u0159it, kolik cihel na m\u00b2 pot\u0159ebujete.<\/p>\n\n<h3 class=\"wp-block-heading\">Po\u010det cihel pot\u0159ebn\u00fdch na stavbu domu<\/h3>\n\n<p class=\"wp-block-paragraph\">Kalkulace umo\u017e\u0148uje:<\/p>\n\n<ul class=\"wp-block-list\">\n<li>vypo\u010d\u00edtat mno\u017estv\u00ed tv\u00e1rnic nebo cihel,<\/li>\n\n\n\n<li>ur\u010dit celkov\u00e9 mno\u017estv\u00ed pot\u0159ebn\u00e9ho materi\u00e1lu na hrubou stavbu.<\/li>\n<\/ul>\n\n<p class=\"wp-block-paragraph\">D\u00edky tomu sn\u00e1ze vypo\u010d\u00edt\u00e1te, kolik cihel pot\u0159ebujete k v\u00fdstavb\u011b va\u0161eho domu.<\/p>\n\n<h2 class=\"wp-block-heading\">Shrnut\u00ed \u2013 kolik cihel je pot\u0159eba na stavbu domu?<\/h2>\n\n<p class=\"wp-block-paragraph\">To, kolik cihel bude pot\u0159eba na stavbu domu, z\u00e1vis\u00ed na projektu, technologii a rozm\u011brech. Bez ohledu na rozsah investice je dobr\u00e9 pamatovat, \u017ee cena cihel a jejich mno\u017estv\u00ed ovliv\u0148uj\u00ed cel\u00fd rozpo\u010det. P\u0159ed fin\u00e1ln\u00ed objedn\u00e1vkou se vyplat\u00ed poradit se s odborn\u00edkem. <\/p>\n\n<p class=\"wp-block-paragraph\">D\u00edky tomu objedn\u00e1te p\u0159esn\u011b tolik cihel, kolik je nezbytn\u00e9, a vyhnete se n\u00e1kladn\u00fdm korekc\u00edm na stavb\u011b.<\/p>\n\n<p class=\"wp-block-paragraph\">Chcete vypo\u010d\u00edtat, kolik cihel pot\u0159ebujete na d\u016fm konkr\u00e9tn\u00edho typu nebo od konkr\u00e9tn\u00edho v\u00fdrobce? Kontaktujte n\u00e1s! Porad\u00edme, zorganizujeme a dod\u00e1me materi\u00e1l a\u017e na stavbu. <\/p>\n","protected":false},"excerpt":{"rendered":"<p>Kolik cihel pot\u0159ebujete na stavbu domu? P\u0159esn\u00e9 ur\u010den\u00ed toho, jak\u00e9 mno\u017estv\u00ed cihel \u010di tv\u00e1rnic budete pot\u0159ebovat, je jednou z kl\u00ed\u010dov\u00fdch<\/p>\n","protected":false},"author":11,"featured_media":32569,"comment_status":"closed","ping_status":"closed","sticky":false,"template":"","format":"standard","meta":{"_acf_changed":false,"footnotes":""},"categories":[1033],"tags":[],"class_list":["post-32591","post","type-post","status-publish","format-standard","has-post-thumbnail","hentry","category-blog-cs"],"acf":[],"_links":{"self":[{"href":"https:\/\/sklep.thepartners.pl\/cs\/wp-json\/wp\/v2\/posts\/32591","targetHints":{"allow":["GET"]}}],"collection":[{"href":"https:\/\/sklep.thepartners.pl\/cs\/wp-json\/wp\/v2\/posts"}],"about":[{"href":"https:\/\/sklep.thepartners.pl\/cs\/wp-json\/wp\/v2\/types\/post"}],"author":[{"embeddable":true,"href":"https:\/\/sklep.thepartners.pl\/cs\/wp-json\/wp\/v2\/users\/11"}],"replies":[{"embeddable":true,"href":"https:\/\/sklep.thepartners.pl\/cs\/wp-json\/wp\/v2\/comments?post=32591"}],"version-history":[{"count":0,"href":"https:\/\/sklep.thepartners.pl\/cs\/wp-json\/wp\/v2\/posts\/32591\/revisions"}],"wp:featuredmedia":[{"embeddable":true,"href":"https:\/\/sklep.thepartners.pl\/cs\/wp-json\/wp\/v2\/media\/32569"}],"wp:attachment":[{"href":"https:\/\/sklep.thepartners.pl\/cs\/wp-json\/wp\/v2\/media?parent=32591"}],"wp:term":[{"taxonomy":"category","embeddable":true,"href":"https:\/\/sklep.thepartners.pl\/cs\/wp-json\/wp\/v2\/categories?post=32591"},{"taxonomy":"post_tag","embeddable":true,"href":"https:\/\/sklep.thepartners.pl\/cs\/wp-json\/wp\/v2\/tags?post=32591"}],"curies":[{"name":"wp","href":"https:\/\/api.w.org\/{rel}","templated":true}]}}